{"id":110,"date":"2018-11-16T15:49:45","date_gmt":"2018-11-16T14:49:45","guid":{"rendered":"http:\/\/yamanoryu.fr\/?p=110"},"modified":"2023-07-18T17:37:32","modified_gmt":"2023-07-18T15:37:32","slug":"histoire-du-nihon-tai-jitsu","status":"publish","type":"post","link":"https:\/\/yamanoryu.fr\/index.php\/2018\/11\/16\/histoire-du-nihon-tai-jitsu\/","title":{"rendered":"Histoire du Nihon Tai Jitsu"},"content":{"rendered":"\n<p>&nbsp;&nbsp;&nbsp;&nbsp;&nbsp;&nbsp;&nbsp;&nbsp;&nbsp;Le tai-jitsu dans sa forme que nous connaissons en Europe et Roland HERNAEZ sont indissociables.<\/p>\n\n\n\n<div class=\"wp-block-image\"><figure class=\"alignleft\"><img loading=\"lazy\" width=\"150\" height=\"175\" src=\"http:\/\/yamanoryu.fr\/wp-content\/uploads\/2018\/11\/Me-Hernaez.jpg\" alt=\"\" class=\"wp-image-26\"\/><figcaption>Me Roland HERNAEZ<\/figcaption><\/figure><\/div>\n\n\n\n<p>&nbsp;&nbsp;&nbsp;&nbsp;&nbsp;&nbsp;&nbsp;&nbsp;&nbsp;<a href=\"https:\/\/sakuraryu31.wordpress.com\/nihon-tai-jitsu\/maitre-roland-hernaez\/\">Roland HERNAEZ<\/a>, n\u00e9 en 1934, commence les arts martiaux en 1951 par le JUDO et le JU-JITSU. Il fait son service militaire au Fort Carr\u00e9 d\u2019Antibes et pratique le close-combat, dont il devient instructeur. En 1956 il passe sa ceinture noire de judo, et d\u00e9marre la pratique du KARATE, de l\u2019AIKIDO et du TAI-JITSU qu\u2019il d\u00e9couvre aupr\u00e8s de Jim ALCHEIK<\/p>\n\n\n\n<p><\/p>\n\n\n\n<p><\/p>\n\n\n\n<p>Citons ma\u00eetre&nbsp;<a href=\"https:\/\/sakuraryu31.wordpress.com\/nihon-tai-jitsu\/maitre-roland-hernaez\/\">HERNAEZ<\/a> \u00e0 propos de ce pionnier oubli\u00e9 des arts martiaux en Occident :<\/p>\n\n\n\n<div class=\"wp-block-image\"><figure class=\"alignright\"><img loading=\"lazy\" width=\"172\" height=\"205\" src=\"http:\/\/yamanoryu.fr\/wp-content\/uploads\/2018\/11\/Jim-Alcheik.jpg\" alt=\"\" class=\"wp-image-25\"\/><figcaption>Jim Alcheik en action<\/figcaption><\/figure><\/div>\n\n\n\n<blockquote class=\"wp-block-quote\"><p><em>\u00ab&nbsp;&nbsp;Jim Alcheik \u00e9tait un bon 3\u00e8me dan de judo qui vivait en Tunisie. Il y rencontre Minoru Mochizuki qui l\u2019invite \u00e0 venir au Japon. De 1954 \u00e0 1957, Jim ALCHEIK \u00e9tudie au dojo Yoseikan \u00e0 Shizuoka de Minoru MOCHIZUKI, qui le consid\u00e9rait comme son repr\u00e9sentant pour l\u2019Europe.Jim Alcheik cr\u00e9e \u00e0 son retour du Japon la F\u00e9d\u00e9ration Fran\u00e7aise de A\u00efkido Ta\u00ef-Jitsu et Kendo (FFATK), et enseigne ces 3 disciplines. Son ta\u00ef-jitsu est une m\u00e9thode de self-d\u00e9fense bas\u00e9e sur les techniques qu\u2019il avait apprises du ma\u00eetre. Cette m\u00e9thode personnelle, il l\u2019a cr\u00e9\u00e9 avec les encouragements du ma\u00eetre MOCHIZUKI; j\u2019ai vu des \u00e9crits dans lesquels le ma\u00eetre lui demandait de cr\u00e9er la FFATK. \u00bb<\/em><\/p><p><em>                       <\/em><\/p><cite>Roland Hernaez<\/cite><\/blockquote>\n\n\n\n<p class=\"has-medium-font-size\"><\/p>\n\n\n\n<p><strong>Naissance du tai-jitsu<\/strong><\/p>\n\n\n\n<p>&nbsp;&nbsp;&nbsp;&nbsp;&nbsp;&nbsp;&nbsp;&nbsp;&nbsp;Jim Alcheik eut 3 assistants; l\u2019un d\u2019eux, <a href=\"https:\/\/sakuraryu31.wordpress.com\/nihon-tai-jitsu\/maitre-roland-hernaez\/\">Roland HERNAEZ<\/a>, s\u2019occupait plus particuli\u00e8rement de la partie tai-jitsu. Malheureusement, Jim ALCHEIK d\u00e9c\u00e8de en 1962 dans l\u2019explosion d\u2019une villa lors de la guerre d\u2019Alg\u00e9rie. Apr\u00e8s sa disparition, ses \u00e9l\u00e8ves se dispers\u00e8rent, chacun travaillant de son c\u00f4t\u00e9 techniquement mais surtout p\u00e9dagogiquement.<\/p>\n\n\n\n<p>Citons Me <a href=\"https:\/\/sakuraryu31.wordpress.com\/nihon-tai-jitsu\/maitre-roland-hernaez\/\">HERNAEZ<\/a>\u00e0 ce propos :<\/p>\n\n\n\n<blockquote class=\"wp-block-quote\"><p><em>\u00ab&nbsp;Jim Alcheik \u00e9tait un excellent budoka, cependant il y avait un point dans son enseignement qui ne me convenait pas \u2013 c\u2019est le professeur de gym cart\u00e9sien qui parle \u2013 c\u2019\u00e9tait le manque de rigueur dans sa d\u00e9marche. Je m\u2019en \u00e9tais ouvert \u00e0 plusieurs reprises, au cours des diff\u00e9rents stages que j\u2019ai suivis avec le ma\u00eetre Mochizuki. Ce dernier m\u2019encouragea \u00e0 \u00e9laborer une m\u00e9thode plus cart\u00e9sienne du Tai-Jitsu. En 1972, je partis au Japon \u00e0 l\u2019invitation de la Japan Publication, une maison d\u2019\u00e9dition, pour d\u00e9velopper mes connaissances en Shorinji-Kempo, que je connaissais d\u00e9j\u00e0 pour l\u2019avoir travaill\u00e9 ; accompagn\u00e9 de Georges Hernaez et de Daniel Dubois, nous nous entra\u00eenames 3 semaines dans le temple de Shikoku. J\u2019ai \u00e9t\u00e9 tr\u00e8s attir\u00e9 par cette \u00e9cole. A mon retour, j\u2019ai h\u00e9berg\u00e9 un grad\u00e9 de Shorinji-Kempo, (Ma\u00eetre AOSAKA) durant 2 ans avec lequel je travaillais tous les jours et plusieurs heures. J\u2019ai \u00e9t\u00e9 la premi\u00e8re ceinture noire de Shorinji Kempo en Occident. Je dois admettre que le Shorinji Kempo m\u2019a beaucoup apport\u00e9; j\u2019y ai puis\u00e9 beaucoup de choses pour enrichir mon tai-jitsu. Je n\u2019ai pu y rester car cette \u00e9cole dispense un aspect religieux \u2013le kongo zen- avec lequel je n\u2019\u00e9tais pas d\u2019accord.&nbsp;\u00bb<\/em><\/p><cite>Roland Hernaez<\/cite><\/blockquote>\n\n\n\n<div class=\"wp-block-image\"><figure class=\"aligncenter\"><img loading=\"lazy\" width=\"329\" height=\"195\" src=\"http:\/\/yamanoryu.fr\/wp-content\/uploads\/2018\/11\/Stage-JPN-Shorinji-1972-2.png\" alt=\"\" class=\"wp-image-28\" srcset=\"https:\/\/yamanoryu.fr\/wp-content\/uploads\/2018\/11\/Stage-JPN-Shorinji-1972-2.png 329w, https:\/\/yamanoryu.fr\/wp-content\/uploads\/2018\/11\/Stage-JPN-Shorinji-1972-2-300x178.png 300w\" sizes=\"(max-width: 329px) 100vw, 329px\" \/><figcaption>Photo prise lors du stage de Shorinji-Kempo \u00e0 Tadotsu (JPN) au cours de l&rsquo;\u00e9t\u00e9 1972.<br><em>de g \u00e0 d : Roland Hernaez, Hiroshi Aosaka, Daniel Dubois, Georges Hernaez&nbsp;<\/em><\/figcaption><\/figure><\/div>\n\n\n\n<p>&nbsp;&nbsp;&nbsp;&nbsp;&nbsp;&nbsp;&nbsp;&nbsp;&nbsp;&nbsp;&nbsp;&nbsp;A son retour du Japon, Roland HERNAEZ fonde la&nbsp;<strong>FEDERATION FRANCAISE de TAI-JITSU et SHORINJI-KEMPO<\/strong>, dont il sera le pr\u00e9sident les deux premi\u00e8res ann\u00e9es. Puis les deux disciplines se s\u00e9parent pour suivre leurs propres chemins, Roland HERNAEZ se consacrant d\u00e9sormais exclusivement au tai-jitsu.<\/p>\n\n\n\n<p>&nbsp;&nbsp;&nbsp;&nbsp;&nbsp;&nbsp;&nbsp;&nbsp;&nbsp;&nbsp;&nbsp;&nbsp;La F\u00e9d\u00e9ration Fran\u00e7aise de Tai-jitsu (FFTJ) viva librement jusqu\u2019en 1977, p\u00e9riode \u00e0 laquelle le Minist\u00e8re de la Jeunesse et des sports Fran\u00e7ais d\u00e9l\u00e9gua ses pouvoirs au Karat\u00e9 Do et \u00e0 l\u2019A\u00efkido, leur permettant ainsi de cr\u00e9er leur propre f\u00e9d\u00e9ration d\u00e9l\u00e9gataire. C\u2019est, entre autres, la naissance de la F\u00e9d\u00e9ration de Karat\u00e9 et Arts Martiaux Affinitaires (FFKAMA).&nbsp;<\/p>\n\n\n\n<p>Un protocole d\u2019accord est alors sign\u00e9 entre la FFTJ et la FFKAMA dans le but d\u2019assurer le d\u00e9veloppement de la discipline, la reconnaissance des grades au niveau national et de permettre la formation et l\u2019obtention de dipl\u00f4mes d\u2018\u00e9tat pour les enseignants.&nbsp;&nbsp;La FFTJ disparait alors en s\u2019int\u00e9grant \u00e0 la FFKAMA.<\/p>\n\n\n\n<p class=\"has-medium-font-size\"><strong>Evolution du tai-jitsu<\/strong><\/p>\n\n\n\n<p>L\u2019int\u00e9gration au sein de la FFKAMA n\u00e9cessita des \u00e9volutions techniques \u00e0 la m\u00e9thode traditionnelle enseign\u00e9e jusque-l\u00e0&nbsp;:<\/p>\n\n\n\n<ul><li>8 s\u00e9ries de techniques de base sont cr\u00e9\u00e9es en remplacement des attaques d\u2019A\u00efki Ju-jitsu utilis\u00e9es jusque-l\u00e0.<\/li><li>3 Katas de base sont cr\u00e9\u00e9s\u00a0<\/li><\/ul>\n\n\n\n<p>De 1977 \u00e0 1985 le Tai-jitsu se d\u00e9veloppe au sein de la FFKAMA, toutefois, la f\u00e9d\u00e9ration ne laisse pas assez de libert\u00e9, Roland HERNAEZ et quelques autres dirigeants, jugeant que la f\u00e9d\u00e9ration ne r\u00e9ponds plus \u00e0 leurs attentes, quittent la FFKAMA et \u00e0 r\u00e9activent la F\u00e9d\u00e9ration Fran\u00e7aise de Tai-Jitsu (FFTJ).<\/p>\n\n\n\n<p>&nbsp;&nbsp;&nbsp;&nbsp;&nbsp;&nbsp;&nbsp;&nbsp;&nbsp;&nbsp;&nbsp;&nbsp;La FFTJ se rapproche alors de diff\u00e9rents organismes japonais qui reconnaissent que l\u2019enseignement et la pratique du tai-jitsu respectent les valeurs traditionnelles du Budo Japonais, apportant une sorte de cons\u00e9cration \u00e0 la discipline et au&nbsp;<a href=\"https:\/\/sakuraryu31.wordpress.com\/nihon-tai-jitsu\/maitre-roland-hernaez\/\">Me HERNAEZ<\/a>.<\/p>\n\n\n\n<p>Ainsi, la FFTJ a \u00e9t\u00e9 admise au sein de la F\u00e9d\u00e9ration International des Arts Martiaux (IMAF), organisme cr\u00e9\u00e9 au lendemain de la guerre et dirig\u00e9 par les plus grands ma\u00eetres des diff\u00e9rentes disciplines, tels que le Me Minoru MOCHIZUKI et le Me SATO pour le ju-jitsu, le Me SUGINO pour le Katori-Shinto-Ryu, le Me MIFUNE pour le judo. Le tai-jitsu a \u00e9galement \u00e9t\u00e9 reconnu par le Seibukan Academy qui fut longtemps dirig\u00e9e par le Me SUZUKI, 10\u00e8me dan de karat\u00e9 GOJU-RYU, ainsi que par l\u2019International Federation Nihon Budo (IFNB) du Me Minoru MOCHIZUKI.<\/p>\n\n\n\n<p><strong>Pour preuve de cette reconnaissance, les Japonais ont permis \u00e0<\/strong>&nbsp;<a href=\"https:\/\/sakuraryu31.wordpress.com\/nihon-tai-jitsu\/maitre-roland-hernaez\/\"><strong>Roland HERNAEZ&nbsp;<\/strong><\/a><strong>d\u2019ajouter le mot Nihon qui signifie \u00ab&nbsp;authentiquement japonais&nbsp;\u00bb<\/strong>.&nbsp;<\/p>\n\n\n\n<figure class=\"wp-block-image\"><img loading=\"lazy\" width=\"526\" height=\"200\" src=\"http:\/\/yamanoryu.fr\/wp-content\/uploads\/2018\/11\/Kawaichi-Mochizuki-Plee-Murakami2-1.jpg\" alt=\"\" class=\"wp-image-29\" srcset=\"https:\/\/yamanoryu.fr\/wp-content\/uploads\/2018\/11\/Kawaichi-Mochizuki-Plee-Murakami2-1.jpg 526w, https:\/\/yamanoryu.fr\/wp-content\/uploads\/2018\/11\/Kawaichi-Mochizuki-Plee-Murakami2-1-300x114.jpg 300w\" sizes=\"(max-width: 526px) 100vw, 526px\" \/><\/figure>\n\n\n\n<blockquote class=\"wp-block-quote\"><p><em>\u00ab&nbsp;J\u2019ai la fiert\u00e9 aujourd\u2019hui de dire que cette m\u00e9thode de self-d\u00e9fense, issue du JU-JITSU des samoura\u00efs est respect\u00e9e dans le monde entier, qui lui reconna\u00eet son efficacit\u00e9, sa progression, ses principes, sa hi\u00e9rarchie et aussi son esprit particulier. Les ma\u00eetres japonais parmi les plus grands h\u00e9ritiers du BUDO traditionnel, personnalit\u00e9s avec lesquelles je suis en contact direct depuis des ann\u00e9es, ont donn\u00e9 \u00e0 ma m\u00e9thode le label NIHON (authentiquement japonais) que nos pratiquants arborent avec fiert\u00e9. Associ\u00e9 avec le Nihon Ju-jitsu de la F\u00e9d\u00e9ration Internationale des Arts Martiaux notre style est reconnu et appr\u00e9ci\u00e9 par ces ma\u00eetres d\u00e9tenteurs de la reconnaissance imp\u00e9riale japonaise. Le pr\u00e9sident d\u2019honneur \u00e9tait lui-m\u00eame l\u2019oncle de l\u2019empereur le prince HIGASHIKUNI. Chaque ann\u00e9e les ma\u00eetres japonais avec lesquels j\u2019\u00e9tudie t\u00e9moignent leur attachement ainsi j\u2019ai eu l\u2019honneur d\u2019\u00eatre nomm\u00e9 au cours du stage de MUNICH (OCTOBRE 1992) 8\u00e8me dan de NIHON JU-JUTSU, plus haut grade d\u00e9cern\u00e9 dans ce BUDO \u00e0 un occidental. Ma m\u00e9thode est avant tout un Art Martial faisant partie du BUDO traditionnel, mais en plus, il s\u2019agit d\u2019une conception particuli\u00e8re de la d\u00e9fense personnelle \u00e0 la port\u00e9e de tous, issue du v\u00e9ritable JU-JUTSU, dans la lign\u00e9e des ma\u00eetres KANO, MIFUNE, ITO, KAWAISHI, MOCHIZUKI, SATO, KAWANO.&nbsp;A notre \u00e9poque de troubles o\u00f9 l\u2019accent est mis sur la comp\u00e9tition il me parait vital pour l\u2019avenir de l\u2019homme de favoriser tout ce qui peut contribuer \u00e0 l\u2019harmonie et \u00e0 la paix. Si le NIHON TAI-JITSU tel que je l\u2019ai con\u00e7u peut apporter une pierre \u00e0 cet \u00e9difice, ce sera ma meilleure r\u00e9compense et l\u2019espoir en une vie de progr\u00e8s.&nbsp;\u00bb\ufeff&nbsp;<\/em><\/p><cite>Roland Hernaez<\/cite><\/blockquote>\n\n\n\n<p><\/p>\n\n\n\n<p>En 1986,&nbsp;<strong>l\u2019Association Fran\u00e7aise de Nihon Tai-jitsu (AFNTJ)<\/strong> voit le jour.<\/p>\n\n\n\n<p>En 1988 un nouveau protocole est sign\u00e9 et l\u2019AFNTJ r\u00e9int\u00e8gre la FFKAMA. Depuis l&rsquo;AFNTJ a \u00e9t\u00e9 renomm\u00e9e en&nbsp;<strong>Ecole Fran\u00e7aise de Nihon Tai Jitsu (EFNTJ)<\/strong> et continue d&rsquo;\u00e9voluer au sein de la F\u00e9d\u00e9ration Fran\u00e7aise de Karat\u00e9 en tant que discipline associ\u00e9e.<\/p>\n\n\n<p><!--EndFragment--><\/p>\n<p><\/p><div class=\"sharedaddy sd-sharing-enabled\"><div class=\"robots-nocontent sd-block sd-social sd-social-icon-text sd-sharing\"><h3 class=\"sd-title\">Partager\u00a0:<\/h3><div class=\"sd-content\"><ul><li class=\"share-facebook\"><a rel=\"nofollow noopener noreferrer\" data-shared=\"sharing-facebook-110\" class=\"share-facebook sd-button share-icon\" href=\"https:\/\/yamanoryu.fr\/index.php\/2018\/11\/16\/histoire-du-nihon-tai-jitsu\/?share=facebook\" target=\"_blank\" title=\"Cliquez pour partager sur Facebook\"><span>Facebook<\/span><\/a><\/li><li class=\"share-twitter\"><a rel=\"nofollow noopener noreferrer\" data-shared=\"sharing-twitter-110\" class=\"share-twitter sd-button share-icon\" href=\"https:\/\/yamanoryu.fr\/index.php\/2018\/11\/16\/histoire-du-nihon-tai-jitsu\/?share=twitter\" target=\"_blank\" title=\"Cliquez pour partager sur Twitter\"><span>Twitter<\/span><\/a><\/li><li class=\"share-linkedin\"><a rel=\"nofollow noopener noreferrer\" data-shared=\"sharing-linkedin-110\" class=\"share-linkedin sd-button share-icon\" href=\"https:\/\/yamanoryu.fr\/index.php\/2018\/11\/16\/histoire-du-nihon-tai-jitsu\/?share=linkedin\" target=\"_blank\" title=\"Cliquez pour partager sur LinkedIn\"><span>LinkedIn<\/span><\/a><\/li><li class=\"share-print\"><a rel=\"nofollow noopener noreferrer\" data-shared=\"\" class=\"share-print sd-button share-icon\" href=\"https:\/\/yamanoryu.fr\/index.php\/2018\/11\/16\/histoire-du-nihon-tai-jitsu\/\" target=\"_blank\" title=\"Cliquer pour imprimer\"><span>Imprimer<\/span><\/a><\/li><li class=\"share-end\"><\/li><\/ul><\/div><\/div><\/div>","protected":false},"excerpt":{"rendered":"<p>&nbsp;&nbsp;&nbsp;&nbsp;&nbsp;&nbsp;&nbsp;&nbsp;&nbsp;Le tai-jitsu dans sa forme que nous connaissons en Europe et Roland HERNAEZ sont indissociables. &nbsp;&nbsp;&nbsp;&nbsp;&nbsp;&nbsp;&nbsp;&nbsp;&nbsp;Roland HERNAEZ, n\u00e9 en 1934,&hellip;<\/p>\n<div class=\"sharedaddy sd-sharing-enabled\"><div class=\"robots-nocontent sd-block sd-social sd-social-icon-text sd-sharing\"><h3 class=\"sd-title\">Partager\u00a0:<\/h3><div class=\"sd-content\"><ul><li class=\"share-facebook\"><a rel=\"nofollow noopener noreferrer\" data-shared=\"sharing-facebook-110\" class=\"share-facebook sd-button share-icon\" href=\"https:\/\/yamanoryu.fr\/index.php\/2018\/11\/16\/histoire-du-nihon-tai-jitsu\/?share=facebook\" target=\"_blank\" title=\"Cliquez pour partager sur Facebook\"><span>Facebook<\/span><\/a><\/li><li class=\"share-twitter\"><a rel=\"nofollow noopener noreferrer\" data-shared=\"sharing-twitter-110\" class=\"share-twitter sd-button share-icon\" href=\"https:\/\/yamanoryu.fr\/index.php\/2018\/11\/16\/histoire-du-nihon-tai-jitsu\/?share=twitter\" target=\"_blank\" title=\"Cliquez pour partager sur Twitter\"><span>Twitter<\/span><\/a><\/li><li class=\"share-linkedin\"><a rel=\"nofollow noopener noreferrer\" data-shared=\"sharing-linkedin-110\" class=\"share-linkedin sd-button share-icon\" href=\"https:\/\/yamanoryu.fr\/index.php\/2018\/11\/16\/histoire-du-nihon-tai-jitsu\/?share=linkedin\" target=\"_blank\" title=\"Cliquez pour partager sur LinkedIn\"><span>LinkedIn<\/span><\/a><\/li><li class=\"share-print\"><a rel=\"nofollow noopener noreferrer\" data-shared=\"\" class=\"share-print sd-button share-icon\" href=\"https:\/\/yamanoryu.fr\/index.php\/2018\/11\/16\/histoire-du-nihon-tai-jitsu\/\" target=\"_blank\" title=\"Cliquer pour imprimer\"><span>Imprimer<\/span><\/a><\/li><li class=\"share-end\"><\/li><\/ul><\/div><\/div><\/div>","protected":false},"author":4,"featured_media":27,"comment_status":"closed","ping_status":"closed","sticky":false,"template":"","format":"standard","meta":{"spay_email":"","jetpack_publicize_message":""},"categories":[8],"tags":[],"jetpack_featured_media_url":"https:\/\/yamanoryu.fr\/wp-content\/uploads\/2018\/11\/Kawaichi-Mochizuki-Plee-Murakami2.jpg","jetpack_publicize_connections":[],"_links":{"self":[{"href":"https:\/\/yamanoryu.fr\/index.php\/wp-json\/wp\/v2\/posts\/110"}],"collection":[{"href":"https:\/\/yamanoryu.fr\/index.php\/wp-json\/wp\/v2\/posts"}],"about":[{"href":"https:\/\/yamanoryu.fr\/index.php\/wp-json\/wp\/v2\/types\/post"}],"author":[{"embeddable":true,"href":"https:\/\/yamanoryu.fr\/index.php\/wp-json\/wp\/v2\/users\/4"}],"replies":[{"embeddable":true,"href":"https:\/\/yamanoryu.fr\/index.php\/wp-json\/wp\/v2\/comments?post=110"}],"version-history":[{"count":4,"href":"https:\/\/yamanoryu.fr\/index.php\/wp-json\/wp\/v2\/posts\/110\/revisions"}],"predecessor-version":[{"id":543,"href":"https:\/\/yamanoryu.fr\/index.php\/wp-json\/wp\/v2\/posts\/110\/revisions\/543"}],"wp:featuredmedia":[{"embeddable":true,"href":"https:\/\/yamanoryu.fr\/index.php\/wp-json\/wp\/v2\/media\/27"}],"wp:attachment":[{"href":"https:\/\/yamanoryu.fr\/index.php\/wp-json\/wp\/v2\/media?parent=110"}],"wp:term":[{"taxonomy":"category","embeddable":true,"href":"https:\/\/yamanoryu.fr\/index.php\/wp-json\/wp\/v2\/categories?post=110"},{"taxonomy":"post_tag","embeddable":true,"href":"https:\/\/yamanoryu.fr\/index.php\/wp-json\/wp\/v2\/tags?post=110"}],"curies":[{"name":"wp","href":"https:\/\/api.w.org\/{rel}","templated":true}]}}