{"id":538,"date":"2023-08-22T13:14:49","date_gmt":"2023-08-22T11:14:49","guid":{"rendered":"http:\/\/yamanoryu.fr\/?p=538"},"modified":"2025-10-13T18:12:24","modified_gmt":"2025-10-13T16:12:24","slug":"reprise-des-cours-le-lundi-29-aout-2023","status":"publish","type":"post","link":"https:\/\/yamanoryu.fr\/index.php\/2023\/08\/22\/reprise-des-cours-le-lundi-29-aout-2023\/","title":{"rendered":"Reprise des cours le Lundi 29 Ao\u00fbt 2023"},"content":{"rendered":"\n<p>Dojo M\u00e9tropolis &#8211; Caluire et Cuire<\/p>\n\n\n\n<p><strong>&nbsp;<strong>Lundi 29 Aout \u00e0 20h30 au dojo M\u00e9tropolis<\/strong><\/strong><\/p>\n\n\n\n<p>Les personnes souhaitant venir d\u00e9couvrir et essayer le Nihon Tai Jitsu sont les bienvenues (venir en tenue de sport type surv\u00eatement + T-shirt)<\/p>\n<div class=\"sharedaddy sd-sharing-enabled\"><div class=\"robots-nocontent sd-block sd-social sd-social-icon-text sd-sharing\"><h3 class=\"sd-title\">Partager\u00a0:<\/h3><div class=\"sd-content\"><ul><li class=\"share-facebook\"><a rel=\"nofollow noopener noreferrer\" data-shared=\"sharing-facebook-538\" class=\"share-facebook sd-button share-icon\" href=\"https:\/\/yamanoryu.fr\/index.php\/2023\/08\/22\/reprise-des-cours-le-lundi-29-aout-2023\/?share=facebook\" target=\"_blank\" title=\"Cliquez pour partager sur Facebook\"><span>Facebook<\/span><\/a><\/li><li class=\"share-twitter\"><a rel=\"nofollow noopener noreferrer\" data-shared=\"sharing-twitter-538\" class=\"share-twitter sd-button share-icon\" href=\"https:\/\/yamanoryu.fr\/index.php\/2023\/08\/22\/reprise-des-cours-le-lundi-29-aout-2023\/?share=twitter\" target=\"_blank\" title=\"Cliquez pour partager sur Twitter\"><span>Twitter<\/span><\/a><\/li><li class=\"share-linkedin\"><a rel=\"nofollow noopener noreferrer\" data-shared=\"sharing-linkedin-538\" class=\"share-linkedin sd-button share-icon\" href=\"https:\/\/yamanoryu.fr\/index.php\/2023\/08\/22\/reprise-des-cours-le-lundi-29-aout-2023\/?share=linkedin\" target=\"_blank\" title=\"Cliquez pour partager sur LinkedIn\"><span>LinkedIn<\/span><\/a><\/li><li class=\"share-print\"><a rel=\"nofollow noopener noreferrer\" data-shared=\"\" class=\"share-print sd-button share-icon\" href=\"https:\/\/yamanoryu.fr\/index.php\/2023\/08\/22\/reprise-des-cours-le-lundi-29-aout-2023\/\" target=\"_blank\" title=\"Cliquer pour imprimer\"><span>Imprimer<\/span><\/a><\/li><li class=\"share-end\"><\/li><\/ul><\/div><\/div><\/div>","protected":false},"excerpt":{"rendered":"<p>Dojo M\u00e9tropolis &#8211; Caluire et Cuire &nbsp;Lundi 29 Aout \u00e0 20h30 au dojo M\u00e9tropolis Les personnes souhaitant venir d\u00e9couvrir et&hellip;<\/p>\n<div class=\"sharedaddy sd-sharing-enabled\"><div class=\"robots-nocontent sd-block sd-social sd-social-icon-text sd-sharing\"><h3 class=\"sd-title\">Partager\u00a0:<\/h3><div class=\"sd-content\"><ul><li class=\"share-facebook\"><a rel=\"nofollow noopener noreferrer\" data-shared=\"sharing-facebook-538\" class=\"share-facebook sd-button share-icon\" href=\"https:\/\/yamanoryu.fr\/index.php\/2023\/08\/22\/reprise-des-cours-le-lundi-29-aout-2023\/?share=facebook\" target=\"_blank\" title=\"Cliquez pour partager sur Facebook\"><span>Facebook<\/span><\/a><\/li><li class=\"share-twitter\"><a rel=\"nofollow noopener noreferrer\" data-shared=\"sharing-twitter-538\" class=\"share-twitter sd-button share-icon\" href=\"https:\/\/yamanoryu.fr\/index.php\/2023\/08\/22\/reprise-des-cours-le-lundi-29-aout-2023\/?share=twitter\" target=\"_blank\" title=\"Cliquez pour partager sur Twitter\"><span>Twitter<\/span><\/a><\/li><li class=\"share-linkedin\"><a rel=\"nofollow noopener noreferrer\" data-shared=\"sharing-linkedin-538\" class=\"share-linkedin sd-button share-icon\" href=\"https:\/\/yamanoryu.fr\/index.php\/2023\/08\/22\/reprise-des-cours-le-lundi-29-aout-2023\/?share=linkedin\" target=\"_blank\" title=\"Cliquez pour partager sur LinkedIn\"><span>LinkedIn<\/span><\/a><\/li><li class=\"share-print\"><a rel=\"nofollow noopener noreferrer\" data-shared=\"\" class=\"share-print sd-button share-icon\" href=\"https:\/\/yamanoryu.fr\/index.php\/2023\/08\/22\/reprise-des-cours-le-lundi-29-aout-2023\/\" target=\"_blank\" title=\"Cliquer pour imprimer\"><span>Imprimer<\/span><\/a><\/li><li class=\"share-end\"><\/li><\/ul><\/div><\/div><\/div>","protected":false},"author":4,"featured_media":539,"comment_status":"closed","ping_status":"closed","sticky":false,"template":"","format":"standard","meta":{"spay_email":"","jetpack_publicize_message":""},"categories":[1],"tags":[],"jetpack_featured_media_url":"https:\/\/yamanoryu.fr\/wp-content\/uploads\/2022\/08\/reprise-2022-23.jpg","jetpack_publicize_connections":[],"_links":{"self":[{"href":"https:\/\/yamanoryu.fr\/index.php\/wp-json\/wp\/v2\/posts\/538"}],"collection":[{"href":"https:\/\/yamanoryu.fr\/index.php\/wp-json\/wp\/v2\/posts"}],"about":[{"href":"https:\/\/yamanoryu.fr\/index.php\/wp-json\/wp\/v2\/types\/post"}],"author":[{"embeddable":true,"href":"https:\/\/yamanoryu.fr\/index.php\/wp-json\/wp\/v2\/users\/4"}],"replies":[{"embeddable":true,"href":"https:\/\/yamanoryu.fr\/index.php\/wp-json\/wp\/v2\/comments?post=538"}],"version-history":[{"count":4,"href":"https:\/\/yamanoryu.fr\/index.php\/wp-json\/wp\/v2\/posts\/538\/revisions"}],"predecessor-version":[{"id":546,"href":"https:\/\/yamanoryu.fr\/index.php\/wp-json\/wp\/v2\/posts\/538\/revisions\/546"}],"wp:featuredmedia":[{"embeddable":true,"href":"https:\/\/yamanoryu.fr\/index.php\/wp-json\/wp\/v2\/media\/539"}],"wp:attachment":[{"href":"https:\/\/yamanoryu.fr\/index.php\/wp-json\/wp\/v2\/media?parent=538"}],"wp:term":[{"taxonomy":"category","embeddable":true,"href":"https:\/\/yamanoryu.fr\/index.php\/wp-json\/wp\/v2\/categories?post=538"},{"taxonomy":"post_tag","embeddable":true,"href":"https:\/\/yamanoryu.fr\/index.php\/wp-json\/wp\/v2\/tags?post=538"}],"curies":[{"name":"wp","href":"https:\/\/api.w.org\/{rel}","templated":true}]}}